{"id":1488,"date":"2017-02-10T09:53:24","date_gmt":"2017-02-10T09:53:24","guid":{"rendered":"http:\/\/comites.lu\/web\/?p=1488"},"modified":"2025-09-19T13:36:36","modified_gmt":"2025-09-19T13:36:36","slug":"rinnovo-del-passaportocarta-di-identitapatente-di-guida","status":"publish","type":"post","link":"https:\/\/comites.lu\/web\/guida\/trasferirsi-nel-granducato-di-lussemburgo\/rinnovo-del-passaportocarta-di-identitapatente-di-guida\/","title":{"rendered":"Rinnovo del passaporto\/carta di identit\u00e0\/patente di guida"},"content":{"rendered":"<p>Il cittadino italiano residente all\u2019estero o non residente che si trovi senza documenti per furto o smarrimento pu\u00f2 rivolgersi alla Cancelleria Consolare dell\u2019Ambasciata d\u2019Italia. Egli \u00e8 tenuto a presentare, come per un rinnovo eseguito in Italia, le fototessere e, nel caso di furto o smarrimento, la denuncia effettuata presso l\u2019autorit\u00e0 di polizia.<\/p>\n<p>Dal 4 marzo 2024 il passaporto e la CIE (Carte d&#8217;identit\u00e0 elettronica) saranno rilasciati previo appuntamento da richiedere esclusivamente tramite la piattaforma Prenot@mi (sono, pertanto, escluse altre modalit\u00e0 di richiesta appuntamento, ad esempio via e-mail, telefono o allo sportello). Per i dettagli (documenti richiesti, fototessere e costi) \u00e8 bene consultare, il sito internet dell\u2019Ambasciata d\u2019Italia in Lussemburgo.<\/p>\n<p><a href=\"https:\/\/amblussemburgo.esteri.it\/it\/\" target=\"_blank\" rel=\"noopener\">https:\/\/amblussemburgo.esteri.it\/it\/<\/a><\/p>\n<p>&nbsp;<\/p>\n<p>Per quanto riguarda il rinnovo della patente, non \u00e8 di competenza consolare. La soluzione per il rinnovo della patente pi\u00f9 comoda e pi\u00f9 economica \u00e8 quella di interfacciarsi con le autorit\u00e0 locali (maggiori informazioni su <a href=\"https:\/\/guichet.public.lu\/fr\/citoyens\/transport\/transports-individuels\/permis-conduire\/validite-remplacement\/prolongation-permis-conduire.html\" target=\"_blank\" rel=\"noopener\">https:\/\/guichet.public.lu\/fr\/citoyens\/transport\/transports-individuels\/permis-conduire\/validite-remplacement\/prolongation-permis-conduire.html<\/a>) per capire se \u00e8 possibile convertirla con una lussemburghese prima della scadenza, l\u2019autorit\u00e0 pubblica preposta si chiama SNCA.<\/p>\n","protected":false},"excerpt":{"rendered":"<p>Il cittadino italiano residente all\u2019estero o non residente che si trovi senza documenti per furto o smarrimento pu\u00f2 rivolgersi alla Cancelleria Consolare dell\u2019Ambasciata d\u2019Italia. Egli \u00e8 tenuto a presentare, come per un rinnovo eseguito in Italia, le fototessere e, nel caso di furto o smarrimento, la denuncia effettuata presso l\u2019autorit\u00e0 di polizia. Dal 4 marzo <a class=\"more-link\" href=\"https:\/\/comites.lu\/web\/guida\/trasferirsi-nel-granducato-di-lussemburgo\/rinnovo-del-passaportocarta-di-identitapatente-di-guida\/\">&#8230;<\/a><\/p>\n","protected":false},"author":2,"featured_media":0,"comment_status":"open","ping_status":"open","sticky":false,"template":"","format":"standard","meta":{"ngg_post_thumbnail":0,"footnotes":""},"categories":[118],"tags":[],"_links":{"self":[{"href":"https:\/\/comites.lu\/web\/wp-json\/wp\/v2\/posts\/1488"}],"collection":[{"href":"https:\/\/comites.lu\/web\/wp-json\/wp\/v2\/posts"}],"about":[{"href":"https:\/\/comites.lu\/web\/wp-json\/wp\/v2\/types\/post"}],"author":[{"embeddable":true,"href":"https:\/\/comites.lu\/web\/wp-json\/wp\/v2\/users\/2"}],"replies":[{"embeddable":true,"href":"https:\/\/comites.lu\/web\/wp-json\/wp\/v2\/comments?post=1488"}],"version-history":[{"count":13,"href":"https:\/\/comites.lu\/web\/wp-json\/wp\/v2\/posts\/1488\/revisions"}],"predecessor-version":[{"id":5447,"href":"https:\/\/comites.lu\/web\/wp-json\/wp\/v2\/posts\/1488\/revisions\/5447"}],"wp:attachment":[{"href":"https:\/\/comites.lu\/web\/wp-json\/wp\/v2\/media?parent=1488"}],"wp:term":[{"taxonomy":"category","embeddable":true,"href":"https:\/\/comites.lu\/web\/wp-json\/wp\/v2\/categories?post=1488"},{"taxonomy":"post_tag","embeddable":true,"href":"https:\/\/comites.lu\/web\/wp-json\/wp\/v2\/tags?post=1488"}],"curies":[{"name":"wp","href":"https:\/\/api.w.org\/{rel}","templated":true}]}}