{"id":1641,"date":"2017-02-14T17:16:21","date_gmt":"2017-02-14T17:16:21","guid":{"rendered":"http:\/\/comites.lu\/web\/?p=1641"},"modified":"2024-12-16T09:06:36","modified_gmt":"2024-12-16T09:06:36","slug":"linee-generali-del-sistema-educativo-lussemburghese","status":"publish","type":"post","link":"https:\/\/comites.lu\/web\/guida\/educazione\/linee-generali-del-sistema-educativo-lussemburghese\/","title":{"rendered":"Linee generali del sistema educativo lussemburghese"},"content":{"rendered":"<p>La scolarizzazione \u00e8 <strong>obbligatoria dall\u2019et\u00e0 di 4 anni <\/strong>(compiuti al 31 agosto) <strong>e fino ai 16 anni<\/strong>. La scuola dell\u2019obbligo si compone quindi di 12 anni suddivisi tra <strong><em>enseignement fondamental<\/em><\/strong>, scuola di base, e <em><strong>enseignement secondaire<\/strong><\/em>, scuola secondaria. Un anno di <strong><em>\u00e9ducation pr\u00e9coce<\/em><\/strong>, asilo, \u00e8 garantito gratuitamente a partire da 3 anni.<\/p>\n<p><strong>Enseignement fondamental (primaire)<br \/>\n<\/strong>A partire da 3 anni (compiuti al 31 agosto) \u00c9ducation pr\u00e9coce (facoltativo)<\/p>\n<ul>\n<li>4 a 5 anni Cycle 1<\/li>\n<li>6 a 7 anni Cycle 2<\/li>\n<li>8 a 9 anni Cycle 3<\/li>\n<li>10 a 11 anni Cycle 4<\/li>\n<\/ul>\n<p><strong>Enseignement secondaire<\/strong><\/p>\n<ul>\n<li>12 a 18 anni Enseignement secondaire \u00ab classique \u00bb (ESC) che prepara agli studi universitari.<\/li>\n<li>12 a 17\/19 anni Enseignement secondaire g\u00e9n\u00e9rale (ESG), dalla durata variabile secondo l\u2019orientamento scelto.<\/li>\n<\/ul>\n<p>La <strong>formazione professionale<\/strong> ha come obiettivo l\u2019ottenimento di una qualifica professionale in un liceo tecnico o quello di aiutare coloro che sono gi\u00e0 in possesso di una formazione ad ampliare le proprie competenze e\/o adattarle all\u2019evoluzione della societ\u00e0 e dell\u2019economia.<\/p>\n<p>La <strong>formazione per gli adulti<\/strong> offre un ventaglio di proposte, adeguate alle esigenze di allievi fuori dall\u2019et\u00e0 scolare: dalla <em>formation professionnelle continue<\/em> (FPC), a corsi di interesse generale, fino ai corsi di preparazione ai diplomi e certificati nazionali (<em>2e voie de qualification<\/em>). Un\u2019attenzione particolare \u00e8 data <strong>all\u2019insegnamento delle lingue agli adulti<\/strong>, in particolare per quanto riguarda la diffusione delle tre lingue nazionali (francese, tedesco e lussemburghese). In proposito si rinvia al paragrafo scuole di lingue.<\/p>\n<p><strong>Minist\u00e8re de l\u2019\u00c9ducation Nationale, de l\u2019Enfance et de la Jeunesse<br \/>\n<\/strong>33, Rives de Clausen<br \/>\nL-2165 Luxembourg<br \/>\n<a href=\"tel:+35224785100\">(+352) 247-85100<\/a><br \/>\n<a href=\"mailto:info@men.lu\">info@men.lu<br \/>\n<\/a><a href=\"http:\/\/www.men.public.lu\" target=\"_blank\" rel=\"noopener noreferrer\">www.men.public.lu<\/a><\/p>\n","protected":false},"excerpt":{"rendered":"<p>La scolarizzazione \u00e8 obbligatoria dall\u2019et\u00e0 di 4 anni (compiuti al 31 agosto) e fino ai 16 anni. La scuola dell\u2019obbligo si compone quindi di 12 anni suddivisi tra enseignement fondamental, scuola di base, e enseignement secondaire, scuola secondaria. Un anno di \u00e9ducation pr\u00e9coce, asilo, \u00e8 garantito gratuitamente a partire da 3 anni. Enseignement fondamental (primaire) <a class=\"more-link\" href=\"https:\/\/comites.lu\/web\/guida\/educazione\/linee-generali-del-sistema-educativo-lussemburghese\/\">&#8230;<\/a><\/p>\n","protected":false},"author":2,"featured_media":0,"comment_status":"open","ping_status":"open","sticky":false,"template":"","format":"standard","meta":{"ngg_post_thumbnail":0,"footnotes":""},"categories":[129],"tags":[125],"_links":{"self":[{"href":"https:\/\/comites.lu\/web\/wp-json\/wp\/v2\/posts\/1641"}],"collection":[{"href":"https:\/\/comites.lu\/web\/wp-json\/wp\/v2\/posts"}],"about":[{"href":"https:\/\/comites.lu\/web\/wp-json\/wp\/v2\/types\/post"}],"author":[{"embeddable":true,"href":"https:\/\/comites.lu\/web\/wp-json\/wp\/v2\/users\/2"}],"replies":[{"embeddable":true,"href":"https:\/\/comites.lu\/web\/wp-json\/wp\/v2\/comments?post=1641"}],"version-history":[{"count":12,"href":"https:\/\/comites.lu\/web\/wp-json\/wp\/v2\/posts\/1641\/revisions"}],"predecessor-version":[{"id":5229,"href":"https:\/\/comites.lu\/web\/wp-json\/wp\/v2\/posts\/1641\/revisions\/5229"}],"wp:attachment":[{"href":"https:\/\/comites.lu\/web\/wp-json\/wp\/v2\/media?parent=1641"}],"wp:term":[{"taxonomy":"category","embeddable":true,"href":"https:\/\/comites.lu\/web\/wp-json\/wp\/v2\/categories?post=1641"},{"taxonomy":"post_tag","embeddable":true,"href":"https:\/\/comites.lu\/web\/wp-json\/wp\/v2\/tags?post=1641"}],"curies":[{"name":"wp","href":"https:\/\/api.w.org\/{rel}","templated":true}]}}