{"id":1647,"date":"2017-02-14T17:30:18","date_gmt":"2017-02-14T17:30:18","guid":{"rendered":"http:\/\/comites.lu\/web\/?p=1647"},"modified":"2024-11-28T14:19:00","modified_gmt":"2024-11-28T14:19:00","slug":"scuole-internazionali","status":"publish","type":"post","link":"https:\/\/comites.lu\/web\/guida\/educazione\/scuole-internazionali\/","title":{"rendered":"Scuole internazionali"},"content":{"rendered":"<p>In Lussemburgo sono attive numerose scuole internazionali pubbliche e private che offrono altre opportunit\u00e0 educative rispetto al sistema lussemburghese. Nel sistema pubblico diverse e sparse su tutto il territorio, sono le scuole internazionali con approcci e programmi pedagogici differenti, nelle sezioni di lingua francese, inglese o tedesca.<\/p>\n<p>Nel sistema privato sono presenti numerose scuole nazionali come il Lyc\u00e9e Vauban che segue il programma francese, scuole internazionali in lingua inglese e le scuole europee con diverse sezioni linguistiche nazionali. Nella scuola europea \u00e8 presente anche la sezione italiana con insegnanti madrelingua e corso completo dai 4 ai 18 anni. Nelle scuole europee la precedenza per le iscrizioni va di diritto ai funzionari europei, per tutti gli altri \u00e8 prevista una lista d\u2019attesa.<\/p>\n<p>Per conoscere le varie offerte \u00e8 utile consultare il sito ministeriale nella sezione \u201c<strong><em>Offre Scolaire<\/em><\/strong>\u201d: <a href=\"https:\/\/men.public.lu\/fr\/systeme-educatif\/fondamental\/offre-scolaire-organisation.html\" target=\"_blank\" rel=\"noopener\">https:\/\/men.public.lu\/fr\/systeme-educatif\/fondamental\/offre-scolaire-organisation.html<\/a><\/p>\n<h2>Licei privati che seguono il programma del Minist\u00e8re de l\u2019\u00c9ducation Nationale<\/h2>\n<table class=\"3col\">\n<tbody>\n<tr>\n<td>Nome<\/td>\n<td>Sito web<\/td>\n<td>Telefono<\/td>\n<\/tr>\n<tr>\n<td>\u00c9cole Priv\u00e9e Fieldgen (EPF)<\/td>\n<td><a href=\"http:\/\/www.epf.lu\" target=\"_blank\" rel=\"noopener noreferrer\">www.epf.lu<\/a><\/td>\n<td><a href=\"tel:+3524994311\">(+352) 4994311<\/a><\/td>\n<\/tr>\n<tr>\n<td>\u00c9cole Priv\u00e9e Notre-Dame (Sainte-Sophie) (EPND)&nbsp;<\/td>\n<td><a href=\"https:\/\/www.saintesophie.lu\" target=\"_blank\" rel=\"noopener noreferrer\">www.saintesophie.lu<\/a><\/td>\n<td><a href=\"tel:+352434091\">(+352) 434091<\/a><\/td>\n<\/tr>\n<tr>\n<td>Lyc\u00e9e Technique Priv\u00e9 Emile Metz (LTPEM)<\/td>\n<td><a href=\"http:\/\/www.ltpem.lu\" target=\"_blank\" rel=\"noopener noreferrer\">www.ltpem.lu<\/a><\/td>\n<td><a href=\"tel:+352439061456\">(+352) 439061-456<\/a><\/td>\n<\/tr>\n<tr>\n<td>\u00c9cole Priv\u00e9e Sainte-Anne (EPSA)<\/td>\n<td><a href=\"http:\/\/www.sainte-anne.lu\" target=\"_blank\" rel=\"noopener noreferrer\">www.sainte-anne.lu<\/a><\/td>\n<td><a href=\"tel:+3528122101\">(+352) 8122101<\/a><\/td>\n<\/tr>\n<tr>\n<td>\u00c9cole Priv\u00e9e Marie-Consolatrice (EPMC)<\/td>\n<td><a href=\"http:\/\/www.epmc.lu\" target=\"_blank\" rel=\"noopener noreferrer\">www.epmc.lu<\/a><\/td>\n<td><a href=\"tel:+3525712571\">(+352) 571257-1<\/a><\/td>\n<\/tr>\n<\/tbody>\n<\/table>\n<h2>Scuole europee del Lussemburgo<\/h2>\n<table class=\"3col\">\n<tbody>\n<tr>\n<td>Nome<\/td>\n<td>Sito web<\/td>\n<td>Telefono<\/td>\n<\/tr>\n<tr>\n<td>\u00c9cole Europ\u00e9enne I<\/td>\n<td><a href=\"http:\/\/www.euroschool.lu\" target=\"_blank\" rel=\"noopener noreferrer\">www.euroschool.lu<\/a><\/td>\n<td><a href=\"tel:+3524320821\">(+352) 432081-1<\/a><\/td>\n<\/tr>\n<tr>\n<td>\u00c9cole Europ\u00e9enne II<\/td>\n<td><a href=\"http:\/\/www.eursc-mamer.lu\" target=\"_blank\" rel=\"noopener noreferrer\">www.eursc-mamer.lu<\/a><\/td>\n<td><a href=\"tel:+3522732241\">(+352) 273224-1<\/a><\/td>\n<\/tr>\n<\/tbody>\n<\/table>\n<h2>Scuole fuori Lussemburgo con sezioni in italiano<\/h2>\n<table class=\"3col\">\n<tbody>\n<tr>\n<td>Nome<\/td>\n<td>Sito web<\/td>\n<td>Telefono<\/td>\n<\/tr>\n<tr>\n<td>Lyc\u00e9e Alfred Mezieres di Longwy<\/td>\n<td><a href=\"http:\/\/www.lycee-alfred-mezieres.fr\" target=\"_blank\" rel=\"noopener noreferrer\">www.lycee-alfred-mezieres.fr<\/a><\/td>\n<td><a href=\"tel:+33382395353\">(+33) 03 82 39 53 53<\/a><\/td>\n<\/tr>\n<\/tbody>\n<\/table>\n<h2>Licei privati che seguono un programma diverso da quello ufficiale del Minist\u00e8re de l\u2019\u00c9ducation Nationale<\/h2>\n<table class=\"3col\">\n<tbody>\n<tr>\n<td>Nome<\/td>\n<td>Sito web<\/td>\n<td>Telefono<\/td>\n<\/tr>\n<tr>\n<td>\u00c9cole Waldorf de Luxembourg<\/td>\n<td><a href=\"http:\/\/www.waldorf.lu\" target=\"_blank\" rel=\"noopener noreferrer\">www.waldorf.lu<\/a><\/td>\n<td><a href=\"tel:+352466932\">(+352) 466932<\/a><\/td>\n<\/tr>\n<tr>\n<td>Lyc\u00e9e fran\u00e7ais du Luxembourg (Lyc\u00e9e Vauban)<\/td>\n<td><a href=\"http:\/\/www.vauban.lu\" target=\"_blank\" rel=\"noopener noreferrer\">www.vauban.lu<\/a><\/td>\n<td><a href=\"tel:+352281011\">(+352) 28 10 11<\/a><\/td>\n<\/tr>\n<tr>\n<td>International School of Luxembourg<\/td>\n<td><a href=\"http:\/\/www.islux.lu\" target=\"_blank\" rel=\"noopener noreferrer\">www.islux.lu<\/a><\/td>\n<td><a href=\"tel:+352260440\">(+352) 260440<\/a><\/td>\n<\/tr>\n<tr>\n<td>St. George`s International School&nbsp; A.S.B.L.<\/td>\n<td><a href=\"http:\/\/www.st-georges.lu\" target=\"_blank\" rel=\"noopener noreferrer\">www.st-georges.lu<\/a><\/td>\n<td><a href=\"tel:+352423224\">(+352) 423224<\/a><\/td>\n<\/tr>\n<\/tbody>\n<\/table>\n","protected":false},"excerpt":{"rendered":"<p>In Lussemburgo sono attive numerose scuole internazionali pubbliche e private che offrono altre opportunit\u00e0 educative rispetto al sistema lussemburghese. Nel sistema pubblico diverse e sparse su tutto il territorio, sono le scuole internazionali con approcci e programmi pedagogici differenti, nelle sezioni di lingua francese, inglese o tedesca. Nel sistema privato sono presenti numerose scuole nazionali <a class=\"more-link\" href=\"https:\/\/comites.lu\/web\/guida\/educazione\/scuole-internazionali\/\">&#8230;<\/a><\/p>\n","protected":false},"author":2,"featured_media":0,"comment_status":"open","ping_status":"open","sticky":false,"template":"","format":"standard","meta":{"ngg_post_thumbnail":0,"footnotes":""},"categories":[129],"tags":[],"_links":{"self":[{"href":"https:\/\/comites.lu\/web\/wp-json\/wp\/v2\/posts\/1647"}],"collection":[{"href":"https:\/\/comites.lu\/web\/wp-json\/wp\/v2\/posts"}],"about":[{"href":"https:\/\/comites.lu\/web\/wp-json\/wp\/v2\/types\/post"}],"author":[{"embeddable":true,"href":"https:\/\/comites.lu\/web\/wp-json\/wp\/v2\/users\/2"}],"replies":[{"embeddable":true,"href":"https:\/\/comites.lu\/web\/wp-json\/wp\/v2\/comments?post=1647"}],"version-history":[{"count":25,"href":"https:\/\/comites.lu\/web\/wp-json\/wp\/v2\/posts\/1647\/revisions"}],"predecessor-version":[{"id":5152,"href":"https:\/\/comites.lu\/web\/wp-json\/wp\/v2\/posts\/1647\/revisions\/5152"}],"wp:attachment":[{"href":"https:\/\/comites.lu\/web\/wp-json\/wp\/v2\/media?parent=1647"}],"wp:term":[{"taxonomy":"category","embeddable":true,"href":"https:\/\/comites.lu\/web\/wp-json\/wp\/v2\/categories?post=1647"},{"taxonomy":"post_tag","embeddable":true,"href":"https:\/\/comites.lu\/web\/wp-json\/wp\/v2\/tags?post=1647"}],"curies":[{"name":"wp","href":"https:\/\/api.w.org\/{rel}","templated":true}]}}