{"id":2685,"date":"2018-06-08T12:18:56","date_gmt":"2018-06-08T12:18:56","guid":{"rendered":"http:\/\/comites.lu\/web\/?p=2685"},"modified":"2018-06-08T12:22:22","modified_gmt":"2018-06-08T12:22:22","slug":"portes-ouvertes-giornata-delle-porte-aperte-a-la-formation-continue-en-langue-culture-et-societe-italiennes-delluniversite-du-luxembourg-conference-de-jean-portante","status":"publish","type":"post","link":"https:\/\/comites.lu\/web\/news\/portes-ouvertes-giornata-delle-porte-aperte-a-la-formation-continue-en-langue-culture-et-societe-italiennes-delluniversite-du-luxembourg-conference-de-jean-portante\/","title":{"rendered":"Portes ouvertes\/ Giornata delle Porte aperte \u00e0 la Formation continue en Langue, Culture et Soci\u00e9t\u00e9 Italiennes dell&#8217;Universit\u00e9 du Luxembourg &#8211; Conf\u00e9rence de Jean Portante"},"content":{"rendered":"<h2>Mercredi 30 mai, \u00a017:30 Campus Belval\u00a0salle\u00a0 MSA\u00a04.410<\/h2>\n<p>Jean Portante pr\u00e9sente son livre\u00a0L&#8217;Aquila\u00a0(avec ML Caldognetto)\u00a0mercredi 30 mai, \u00a019:00 Campus Belval\u00a0salle\u00a0 MSA\u00a04.410<\/p>\n<p>&nbsp;<\/p>\n<p>Inscriptions\u00a0online\u00a0\u00e0 la Formation\u00a0continue en\u00a0Langue, Culture et Soci\u00e9t\u00e9 Italiennes\u00a0(LCSI)\u00a0jusque 15 juin\/\u00a0Iscrizioni online\u00a0alla Formazione\u00a0continua\u00a0in\u00a0Langue, Culture et Soci\u00e9t\u00e9 Italiennes\u00a0(LCSI) fino al\u00a015 giugno\u00a0(version\u00a0fran\u00e7aise dans le d\u00e9pliant ci-joint)<\/p>\n<p>L\u2019Universit\u00e0 del Lussemburgo offre la possibilit\u00e0 di avvicinarsi all\u2019Italia e alla sua realt\u00e0 grazie ad un corso di studi di\u00a0un solo anno accademico.<\/p>\n<p>Rivolta a professionisti o anche a semplici appassionati, la Formazione Continua in LCSI \u00e8 un\u2019occasione per entrare in contatto con la storia e la civilt\u00e0 italiane attraverso un approccio interdisciplinare che unisce lo studio della cultura italiana tradizionale a quello dell\u2019italianit\u00e0 in Lussemburgo e nella Grande Regione.<\/p>\n<p>Ad ogni\u00a0Lezione in plenaria\u00a0su &#8220;Storia d&#8217;Italia attraverso il cinema&#8221;, &#8220;Letteratura, teatro e cinema&#8221;, &#8220;Arte italiana e made in Italy&#8221;, &#8220;Interculturalit\u00e0\u00a0in Lussemburgo e nella Grande Regione&#8221;, segue un\u00a0Atelier\u00a0a\u00a0scelta\u00a0tra:<\/p>\n<ol>\n<li>Espressione cinematografica\u00a0\/\u00a0Arte e scrittura creativa,<\/li>\n<li>Scrittura autobiografica,<\/li>\n<li>Atelier di preparazione alla gestione aziendale in Lussemburgo\u00a0e da quest&#8217;anno<\/li>\n<li>Atelier opzionale di espressione teatrale<\/li>\n<\/ol>\n<p>Ogni anno vengono invitati nuovi esperti (quali ad es., per le prime edizioni,\u00a0Paolo Crepet,\u00a0Erri de Luca,\u00a0Philippe Daverio,\u00a0Claudio Marazzini,\u00a0Giordano Bruno Guerri, Marco Santagata\u00a0ecc.) che affrontano gli argomenti di pi\u00f9 grande interesse da un punto di vista specialistico e professionale.<\/p>\n<p>Le lezioni hanno luogo\u00a0ogni\u00a0mercoled\u00ec dalle 17:30 alle 20:45\u00a0(Atelier\u00a0teatrale il luned\u00ec sera)\u00a0nel Campus Belval. \u00a0Le lezioni si tengono\u00a0dal 19 settembre al 19 dicembre\u00a0e\u00a0dal 20 febbraio al 29 maggio.<\/p>\n<p>Gli esami sono normalmente scritti ed hanno luogo in gennaio e in giugno in una lingua anche diversa dall&#8217;italiano.<\/p>\n<p>Si consegue un nuovo\u00a0titolo universitario\u00a0da inserire ufficialmente nel proprio CV.<\/p>\n<p>Le iscrizioni sono a\u00a0numero chiuso\u00a0(non pi\u00f9 du 25 persone) e hanno preliminarmente luogo online su\u00a0<a href=\"http:\/\/lcsi.uni.lu\/\" data-saferedirecturl=\"https:\/\/www.google.com\/url?hl=fr&amp;q=http:\/\/lcsi.uni.lu\/&amp;source=gmail&amp;ust=1528546449141000&amp;usg=AFQjCNEnOEqORJ4JISEX11_YAWwVRtM8sA\">http:\/\/lcsi.uni.lu<\/a><\/p>\n<p>Requisiti per l&#8217;iscrizione: almeno un diploma di maturit\u00e0 e una\u00a0conoscenza B2 di lingua italiana. Esami possibili anche in una lingua diversa.<\/p>\n<p>Costo: 200\u20ac a semestre.<\/p>\n<p>&nbsp;<\/p>\n<p>Per ulteriori informazioni, rivolgersi a\u00a0<a href=\"mailto:sara.volterrani@uni.lu\">sara.volterrani@uni.lu<\/a>\u00a0\u00a0tel. 4666449516<\/p>\n<p>Pagina Facebook:\u00a0<a href=\"https:\/\/www.facebook.com\/FormazioneContinuaLCSI\/\" data-saferedirecturl=\"https:\/\/www.google.com\/url?hl=fr&amp;q=https:\/\/www.facebook.com\/FormazioneContinuaLCSI\/&amp;source=gmail&amp;ust=1528546449141000&amp;usg=AFQjCNGp5bQSovnDf-cckSQxQILDQPvDbw\">https:\/\/www.facebook.com\/FormazioneContinuaLCSI\/<\/a><\/p>\n<p>Per le\u00a0iscrizioni online fino al\u00a015 giugno:\u00a0<a href=\"http:\/\/lcsi.uni.lu\/\" data-saferedirecturl=\"https:\/\/www.google.com\/url?hl=fr&amp;q=http:\/\/lcsi.uni.lu\/&amp;source=gmail&amp;ust=1528546449141000&amp;usg=AFQjCNEnOEqORJ4JISEX11_YAWwVRtM8sA\">http:\/\/lcsi.uni.lu<\/a><\/p>\n<p>Documenti da scaricare :<\/p>\n<ul>\n<li><a href=\"http:\/\/comites.lu\/web\/wp-content\/uploads\/2018\/06\/FC-LCSI-2018-19.pdf\">FC LCSI 2018-19<\/a><\/li>\n<li><a href=\"http:\/\/comites.lu\/web\/wp-content\/uploads\/2018\/06\/ANNONCE-LCSI-2018-19.pdf\">ANNONCE LCSI-2018-19<\/a><\/li>\n<\/ul>\n","protected":false},"excerpt":{"rendered":"<p>Mercredi 30 mai, \u00a017:30 Campus Belval\u00a0salle\u00a0 MSA\u00a04.410 Jean Portante pr\u00e9sente son livre\u00a0L&#8217;Aquila\u00a0(avec ML Caldognetto)\u00a0mercredi 30 mai, \u00a019:00 Campus Belval\u00a0salle\u00a0 MSA\u00a04.410 &nbsp; Inscriptions\u00a0online\u00a0\u00e0 la Formation\u00a0continue en\u00a0Langue, Culture et Soci\u00e9t\u00e9 Italiennes\u00a0(LCSI)\u00a0jusque 15 juin\/\u00a0Iscrizioni online\u00a0alla Formazione\u00a0continua\u00a0in\u00a0Langue, Culture et Soci\u00e9t\u00e9 Italiennes\u00a0(LCSI) fino al\u00a015 giugno\u00a0(version\u00a0fran\u00e7aise dans le d\u00e9pliant ci-joint) L\u2019Universit\u00e0 del Lussemburgo offre la possibilit\u00e0 di avvicinarsi all\u2019Italia e alla <a class=\"more-link\" href=\"https:\/\/comites.lu\/web\/news\/portes-ouvertes-giornata-delle-porte-aperte-a-la-formation-continue-en-langue-culture-et-societe-italiennes-delluniversite-du-luxembourg-conference-de-jean-portante\/\">&#8230;<\/a><\/p>\n","protected":false},"author":2,"featured_media":2689,"comment_status":"open","ping_status":"open","sticky":false,"template":"","format":"standard","meta":{"ngg_post_thumbnail":0,"footnotes":""},"categories":[131],"tags":[],"_links":{"self":[{"href":"https:\/\/comites.lu\/web\/wp-json\/wp\/v2\/posts\/2685"}],"collection":[{"href":"https:\/\/comites.lu\/web\/wp-json\/wp\/v2\/posts"}],"about":[{"href":"https:\/\/comites.lu\/web\/wp-json\/wp\/v2\/types\/post"}],"author":[{"embeddable":true,"href":"https:\/\/comites.lu\/web\/wp-json\/wp\/v2\/users\/2"}],"replies":[{"embeddable":true,"href":"https:\/\/comites.lu\/web\/wp-json\/wp\/v2\/comments?post=2685"}],"version-history":[{"count":1,"href":"https:\/\/comites.lu\/web\/wp-json\/wp\/v2\/posts\/2685\/revisions"}],"predecessor-version":[{"id":2688,"href":"https:\/\/comites.lu\/web\/wp-json\/wp\/v2\/posts\/2685\/revisions\/2688"}],"wp:featuredmedia":[{"embeddable":true,"href":"https:\/\/comites.lu\/web\/wp-json\/wp\/v2\/media\/2689"}],"wp:attachment":[{"href":"https:\/\/comites.lu\/web\/wp-json\/wp\/v2\/media?parent=2685"}],"wp:term":[{"taxonomy":"category","embeddable":true,"href":"https:\/\/comites.lu\/web\/wp-json\/wp\/v2\/categories?post=2685"},{"taxonomy":"post_tag","embeddable":true,"href":"https:\/\/comites.lu\/web\/wp-json\/wp\/v2\/tags?post=2685"}],"curies":[{"name":"wp","href":"https:\/\/api.w.org\/{rel}","templated":true}]}}