{"id":3230,"date":"2020-09-02T15:56:38","date_gmt":"2020-09-02T15:56:38","guid":{"rendered":"http:\/\/comites.lu\/web\/?p=3230"},"modified":"2020-09-07T15:58:52","modified_gmt":"2020-09-07T15:58:52","slug":"inscriptions-online-a-la-formation-continue-en-langue-culture-et-societe-italiennes-lcsi-jusquau-9-septembre-iscrizioni-online-alla-formazione-continua-in-langue-culture-et-societe-italiennes","status":"publish","type":"post","link":"https:\/\/comites.lu\/web\/news\/inscriptions-online-a-la-formation-continue-en-langue-culture-et-societe-italiennes-lcsi-jusquau-9-septembre-iscrizioni-online-alla-formazione-continua-in-langue-culture-et-societe-italiennes\/","title":{"rendered":"Inscriptions online \u00e0 la Formation continue en Langue, Culture et Soci\u00e9t\u00e9 Italiennes (LCSI) jusqu&#8217;au 9 septembre\/ Iscrizioni online alla Formazione continua in Langue, Culture et Soci\u00e9t\u00e9 Italiennes (LCSI) fino al 9 settembre"},"content":{"rendered":"<p><strong>Iscrizioni online alla Formation continue en &#8220;Langue, Culture et Soci\u00e9t\u00e9 Italiennes &#8220;(LCSI) de l&#8217;Universit\u00e0 du Luxembourg a.a. 2020-21 &#8211; fino al\u00a0<\/strong><strong><u>9 settembre<\/u><\/strong><\/p>\n<ul>\n<li>L\u2019Universit\u00e0 del Lussemburgo offre la possibilit\u00e0 di avvicinarsi all\u2019Italia e alla sua realt\u00e0 grazie ad un corso di studi di\u00a0<u>un solo anno accademico<\/u>.<\/li>\n<\/ul>\n<ul>\n<li>Rivolta a professionisti o anche a semplici appassionati, la Formazione Continua in LCSI \u00e8 un\u2019occasione per entrare in contatto con la storia e la civilt\u00e0 italiane attraverso un approccio interdisciplinare che unisce lo studio della cultura italiana tradizionale a quello dell\u2019italianit\u00e0 in Lussemburgo e nella Grande Regione.<\/li>\n<\/ul>\n<ul>\n<li>Ad ogni\u00a0<strong><u>Lezione in plenaria<\/u><\/strong>\u00a0su &#8220;Storia d&#8217;Italia attraverso il cinema&#8221;, &#8220;Letteratura, teatro e cinema&#8221;, &#8220;Arte italiana e made in Italy&#8221;, &#8220;Interculturalit\u00e0\u00a0in Lussemburgo e nella Grande Regione&#8221;, segue un\u00a0<strong>Atelier\u00a0<\/strong>a\u00a0scelta\u00a0tipo:<\/li>\n<\/ul>\n<ol>\n<li><em><u>Espressione cinematografica\u00a0\/\u00a0Arte e scrittura creativa<\/u><\/em>,<\/li>\n<li><em><u>Scrittura autobiografica<\/u><\/em>,<\/li>\n<\/ol>\n<ul>\n<li>Ogni anno vengono invitati nuovi esperti (quali ad es., per le prime edizioni,\u00a0<strong>Paolo Crepet<\/strong>,\u00a0<strong>Erri de Luca<\/strong>,\u00a0<strong>Philippe Daverio<\/strong>,\u00a0<strong>Claudio Marazzini<\/strong>,\u00a0<strong>Meri Leone, Luisa Biagini,<\/strong>\u00a0<strong>Giordano Bruno Guerri, Marco Santagata, Paolo Malaguti, Gianni Canova, Luigi Lo Cascio<\/strong>\u00a0ecc.) che affrontano gli argomenti di pi\u00f9 grande interesse da un punto di vista specialistico e professionale.<\/li>\n<\/ul>\n<ul>\n<li><strong>NOVIT\u00c0<\/strong>\u00a0&#8211;\u00a0Le lezioni hanno luogo\u00a0ogni\u00a0<a href=\"https:\/\/owa.uni.lu\/owa\/UrlBlockedError.aspx\" data-saferedirecturl=\"https:\/\/www.google.com\/url?q=https:\/\/owa.uni.lu\/owa\/UrlBlockedError.aspx&amp;source=gmail&amp;ust=1599578662821000&amp;usg=AFQjCNE9i4CgoFOtjud1uPzttg2GiPdJGw\">mercoled\u00ec dalle 18:15 alle 21:<\/a>30\u00a0\u00a0nel\u00a0<strong><u>CAMPUS DI KIRCHBERG<\/u><\/strong>. \u00a0Le lezioni si tengono\u00a0<a href=\"https:\/\/owa.uni.lu\/owa\/UrlBlockedError.aspx\" data-saferedirecturl=\"https:\/\/www.google.com\/url?q=https:\/\/owa.uni.lu\/owa\/UrlBlockedError.aspx&amp;source=gmail&amp;ust=1599578662821000&amp;usg=AFQjCNE9i4CgoFOtjud1uPzttg2GiPdJGw\">dal 19 settembre al 19 dicembre<\/a>\u00a0e\u00a0<a href=\"https:\/\/owa.uni.lu\/owa\/UrlBlockedError.aspx\" data-saferedirecturl=\"https:\/\/www.google.com\/url?q=https:\/\/owa.uni.lu\/owa\/UrlBlockedError.aspx&amp;source=gmail&amp;ust=1599578662821000&amp;usg=AFQjCNE9i4CgoFOtjud1uPzttg2GiPdJGw\">dal 20 febbraio al 29 maggio<\/a>.<\/li>\n<li><strong>NOVIT\u00c0<\/strong>\u00a0&#8211;\u00a0<strong><u>CORSI SENZA FRONTIERE<\/u><\/strong>\u00a0: per i non residenti in\u00a0Lussemburgo\u00a0e nei suoi\u00a0dintorni la LCSI offre\u00a0<u>corsi online!<\/u><\/li>\n<\/ul>\n<ul>\n<li>Si consegue un nuovo\u00a0<u>titolo universitario completo<\/u>\u00a0che pu\u00f2 essere inserito\u00a0ufficialmente nel proprio CV.<\/li>\n<\/ul>\n<ul>\n<li>Le iscrizioni sono a\u00a0<u>numero chiuso<\/u>\u00a0(non pi\u00f9 di 20 persone) e hanno preliminarmente luogo online su:\u00a0<a href=\"http:\/\/lcsi.uni.lu\/\" data-saferedirecturl=\"https:\/\/www.google.com\/url?q=http:\/\/lcsi.uni.lu\/&amp;source=gmail&amp;ust=1599578662821000&amp;usg=AFQjCNEe_nrwIWYKJxp2nAOUBY-Ww0WWxg\">http:\/\/lcsi.uni.lu<\/a><\/li>\n<\/ul>\n<ul>\n<li><u>Requisiti per l&#8217;iscrizione<\/u>: almeno un diploma di scuola superiore e una\u00a0<u>conoscenza B2 di lingua italiana<\/u>.\u00a0<u>Esami possibili anche in una lingua diversa.<\/u><\/li>\n<\/ul>\n<ul>\n<li><u>Costo<\/u>: 200\u20ac a semestre.<\/li>\n<\/ul>\n<p>&nbsp;<\/p>\n<p>&nbsp;<\/p>\n<p>Per ulteriori informazioni, rivolgersi a\u00a0<a href=\"mailto:sara.volterrani@uni.lu\"><strong>sara.volterrani@uni.lu<\/strong><\/a><\/p>\n<p>o<\/p>\n<p><strong><u><a href=\"mailto:claudio.cicotti@uni.lu\">claudio.cicotti@uni.lu<\/a><\/u><\/strong>\u00a0Tel. +49 160 5573660<\/p>\n<p>Pagina Facebook:\u00a0<a href=\"https:\/\/www.facebook.com\/FormazioneContinuaLCSI\/\" data-saferedirecturl=\"https:\/\/www.google.com\/url?q=https:\/\/www.facebook.com\/FormazioneContinuaLCSI\/&amp;source=gmail&amp;ust=1599578662821000&amp;usg=AFQjCNEbWAD6x21aRjH8Bv4RuuIiUNSvvA\">https:\/\/www.facebook.com\/FormazioneContinuaLCSI\/<\/a><\/p>\n<p>Per le<strong>\u00a0iscrizioni online fino al\u00a0<u>9 settembre<\/u><\/strong>:\u00a0<a href=\"http:\/\/lcsi.uni.lu\/\" data-saferedirecturl=\"https:\/\/www.google.com\/url?q=http:\/\/lcsi.uni.lu\/&amp;source=gmail&amp;ust=1599578662821000&amp;usg=AFQjCNEe_nrwIWYKJxp2nAOUBY-Ww0WWxg\">http:\/\/lcsi.uni.lu<\/a>\u00a0o direttamente tramite il link:\u00a0<a href=\"http:\/\/lcsi.uni.lu\/\" data-saferedirecturl=\"https:\/\/www.google.com\/url?q=http:\/\/lcsi.uni.lu\/&amp;source=gmail&amp;ust=1599578662821000&amp;usg=AFQjCNEe_nrwIWYKJxp2nAOUBY-Ww0WWxg\">https:\/\/wwwen.uni.lu\/students\/application_re_registration\/inscriptions_ue_choix_de_la_formation_specifique_ou_continue\/formation_continue_en_langue_culture_et_societe_italiennes<\/a><\/p>\n<p>D\u00e9pliant\u00a0italo-fran\u00e7ais:\u00a0<a href=\"https:\/\/wwwen.uni.lu\/var\/storage\/original\/application\/f892ad37af115fe0e7b624246b409aee.pdf\" data-saferedirecturl=\"https:\/\/www.google.com\/url?q=https:\/\/wwwen.uni.lu\/var\/storage\/original\/application\/f892ad37af115fe0e7b624246b409aee.pdf&amp;source=gmail&amp;ust=1599578662821000&amp;usg=AFQjCNHsOYacvomoFnV9tSFTHK6lpFmITQ\">https:\/\/wwwen.uni.lu\/var\/storage\/original\/application\/f892ad37af115fe0e7b624246b409aee.pdf<\/a><\/p>\n","protected":false},"excerpt":{"rendered":"<p>Iscrizioni online alla Formation continue en &#8220;Langue, Culture et Soci\u00e9t\u00e9 Italiennes &#8220;(LCSI) de l&#8217;Universit\u00e0 du Luxembourg a.a. 2020-21 &#8211; fino al\u00a09 settembre L\u2019Universit\u00e0 del Lussemburgo offre la possibilit\u00e0 di avvicinarsi all\u2019Italia e alla sua realt\u00e0 grazie ad un corso di studi di\u00a0un solo anno accademico. Rivolta a professionisti o anche a semplici appassionati, la Formazione <a class=\"more-link\" href=\"https:\/\/comites.lu\/web\/news\/inscriptions-online-a-la-formation-continue-en-langue-culture-et-societe-italiennes-lcsi-jusquau-9-septembre-iscrizioni-online-alla-formazione-continua-in-langue-culture-et-societe-italiennes\/\">&#8230;<\/a><\/p>\n","protected":false},"author":2,"featured_media":3231,"comment_status":"open","ping_status":"open","sticky":false,"template":"","format":"standard","meta":{"ngg_post_thumbnail":0,"footnotes":""},"categories":[131],"tags":[],"_links":{"self":[{"href":"https:\/\/comites.lu\/web\/wp-json\/wp\/v2\/posts\/3230"}],"collection":[{"href":"https:\/\/comites.lu\/web\/wp-json\/wp\/v2\/posts"}],"about":[{"href":"https:\/\/comites.lu\/web\/wp-json\/wp\/v2\/types\/post"}],"author":[{"embeddable":true,"href":"https:\/\/comites.lu\/web\/wp-json\/wp\/v2\/users\/2"}],"replies":[{"embeddable":true,"href":"https:\/\/comites.lu\/web\/wp-json\/wp\/v2\/comments?post=3230"}],"version-history":[{"count":1,"href":"https:\/\/comites.lu\/web\/wp-json\/wp\/v2\/posts\/3230\/revisions"}],"predecessor-version":[{"id":3232,"href":"https:\/\/comites.lu\/web\/wp-json\/wp\/v2\/posts\/3230\/revisions\/3232"}],"wp:featuredmedia":[{"embeddable":true,"href":"https:\/\/comites.lu\/web\/wp-json\/wp\/v2\/media\/3231"}],"wp:attachment":[{"href":"https:\/\/comites.lu\/web\/wp-json\/wp\/v2\/media?parent=3230"}],"wp:term":[{"taxonomy":"category","embeddable":true,"href":"https:\/\/comites.lu\/web\/wp-json\/wp\/v2\/categories?post=3230"},{"taxonomy":"post_tag","embeddable":true,"href":"https:\/\/comites.lu\/web\/wp-json\/wp\/v2\/tags?post=3230"}],"curies":[{"name":"wp","href":"https:\/\/api.w.org\/{rel}","templated":true}]}}