{"id":3240,"date":"2020-09-15T08:18:33","date_gmt":"2020-09-15T08:18:33","guid":{"rendered":"http:\/\/comites.lu\/web\/?p=3240"},"modified":"2020-09-21T07:59:58","modified_gmt":"2020-09-21T07:59:58","slug":"disponibilita-di-contributi-integrativi-per-lanno-2020","status":"publish","type":"post","link":"https:\/\/comites.lu\/web\/news\/disponibilita-di-contributi-integrativi-per-lanno-2020\/","title":{"rendered":"DISPONIBILIT\u00c0 DI CONTRIBUTI INTEGRATIVI PER L&#8217;ANNO 2020"},"content":{"rendered":"<p class=\"p1\"><span class=\"s1\">In relazione alla possibilit\u00e0 di richiedere contributi integrativi al Ministero degli Affari Esteri per finanziare iniziative a favore delle comunit\u00e0 di italiani residenti in Lussemburgo, Il Comites ha la possibilit\u00e0 di richiedere contributi integrativi al Ministero degli Affari Esteri per finanziare iniziative a favore delle comunit\u00e0 di italiani residenti in Lussemburgo, con priorit\u00e0 alla realizzazione di progetti specifici finalizzati a favorire l\u2019inserimento nei contesti locali dei componenti dei nuovi flussi migratori italiani.<\/span><\/p>\n<p class=\"p1\"><span class=\"s1\">Il Comites di Lussemburgo informa che \u00e8 gi\u00e0 in essere un gruppo di lavoro interno che sta operando su un progetto da presentare al Comites ed all\u2019Ambasciata.<\/span><\/p>\n<p class=\"p1\"><span class=\"s1\">Il Comites Lussemburgo invita tutti i connazionali interessati a partecipare, ad inviare idee per progetti da realizzare in collaborazione con il comitato stesso o a darsi disponibili a collaborare all\u2019interno dei progetti promossi dal comitato. <\/span><\/p>\n<p class=\"p1\">Invia le tue idee, una descrizione dettagliata del progetto da realizzare (accompagnata da un budget approssimativo) a progetto2020@comites.lu dal 21 settembre 2020 al 30 settembre.<\/p>\n<p class=\"p1\">Compito del Comites sar\u00e0 fare una selezione, elaborare e inviare formale richiesta al MAECI, con specificato l\u2019ammontare del contributo integrativo relativo a ciascun progetto.<\/p>\n<p class=\"p1\"><span class=\"s1\">NB: i finanziamenti dal MAECI NON coprono salario, ma solo eventuali spese connesse alla realizzazione di un progetto <\/span><\/p>\n<p class=\"p1\"><span class=\"s1\">Accanto alle tematiche cui \u00e8 stata dedicata prioritaria attenzione negli ultimi anni (nuovi flussi migratori, migrazione circolare, turismo di ritorno, studi specifici sull&#8217;emigrazione italiana, canali telematici e innovativi di comunicazione\u2026), si suggeriscono alcune tipologie di attivit\u00e0 collegate alla crisi epidemiologica in corso. <\/span><\/p>\n<p class=\"p1\"><span class=\"s1\">Tra queste: <\/span><\/p>\n<ul>\n<li class=\"p1\"><span class=\"s1\">Realizzazione o potenziamento, ove gi\u00e0 funzionanti, di Sportelli informativi, sia &#8220;fisici&#8221; che &#8220;virtuali&#8221;, destinati a fornire informazioni sulle misure adottate per fronteggiare la crisi sanitaria nel paese di residenza, o pi\u00f9 in generale per dare supporto a connazionali in difficolt\u00e0. <\/span><\/li>\n<li class=\"p1\"><span class=\"s1\">Rafforzamento o realizzazione di canali di comunicazione e informazione varia destinata ai connazionali attraverso radio web o social network. <\/span><\/li>\n<li class=\"p1\"><span class=\"s1\">Pubblicazione e distribuzione di opuscoli informativi, bollettini, newsletter, volantini sulle misure in vigore per il contenimento della pandemia o su iniziative di welfare promosse dalle istituzioni locali, contenenti informazioni o numeri utili da contattare in caso di necessit\u00e0; <\/span><\/li>\n<li class=\"p1\"><span class=\"s1\">Iniziative varie di assistenza nei confronti degli esponenti delle cosiddette &#8220;Nuova mobilit\u00e0&#8221;, che sovente rappresentano i soggetti pi\u00f9 colpiti dalla crisi in quanto ancora in fase di integrazione nel contesto locale o professionalmente precari, o in possesso di contratti a tempo determinato, ovvero in prova o addirittura senza regolare contratto di lavoro (quindi esclusi dai provvedimenti di welfare eventualmente adottati a livello locale); <\/span><\/li>\n<li class=\"p1\"><span class=\"s1\">iniziative per favorire la riqualificazione o aggiornamento professionale per chi ha perso il lavoro o si \u00e8 visto costretto a chiudere la propria attivit\u00e0 imprenditoriale.<\/span><\/li>\n<\/ul>\n","protected":false},"excerpt":{"rendered":"<p>In relazione alla possibilit\u00e0 di richiedere contributi integrativi al Ministero degli Affari Esteri per finanziare iniziative a favore delle comunit\u00e0 di italiani residenti in Lussemburgo, Il Comites ha la possibilit\u00e0 di richiedere contributi integrativi al Ministero degli Affari Esteri per finanziare iniziative a favore delle comunit\u00e0 di italiani residenti in Lussemburgo, con priorit\u00e0 alla realizzazione <a class=\"more-link\" href=\"https:\/\/comites.lu\/web\/news\/disponibilita-di-contributi-integrativi-per-lanno-2020\/\">&#8230;<\/a><\/p>\n","protected":false},"author":2,"featured_media":2945,"comment_status":"open","ping_status":"open","sticky":false,"template":"","format":"standard","meta":{"ngg_post_thumbnail":0,"footnotes":""},"categories":[131],"tags":[],"_links":{"self":[{"href":"https:\/\/comites.lu\/web\/wp-json\/wp\/v2\/posts\/3240"}],"collection":[{"href":"https:\/\/comites.lu\/web\/wp-json\/wp\/v2\/posts"}],"about":[{"href":"https:\/\/comites.lu\/web\/wp-json\/wp\/v2\/types\/post"}],"author":[{"embeddable":true,"href":"https:\/\/comites.lu\/web\/wp-json\/wp\/v2\/users\/2"}],"replies":[{"embeddable":true,"href":"https:\/\/comites.lu\/web\/wp-json\/wp\/v2\/comments?post=3240"}],"version-history":[{"count":3,"href":"https:\/\/comites.lu\/web\/wp-json\/wp\/v2\/posts\/3240\/revisions"}],"predecessor-version":[{"id":3243,"href":"https:\/\/comites.lu\/web\/wp-json\/wp\/v2\/posts\/3240\/revisions\/3243"}],"wp:featuredmedia":[{"embeddable":true,"href":"https:\/\/comites.lu\/web\/wp-json\/wp\/v2\/media\/2945"}],"wp:attachment":[{"href":"https:\/\/comites.lu\/web\/wp-json\/wp\/v2\/media?parent=3240"}],"wp:term":[{"taxonomy":"category","embeddable":true,"href":"https:\/\/comites.lu\/web\/wp-json\/wp\/v2\/categories?post=3240"},{"taxonomy":"post_tag","embeddable":true,"href":"https:\/\/comites.lu\/web\/wp-json\/wp\/v2\/tags?post=3240"}],"curies":[{"name":"wp","href":"https:\/\/api.w.org\/{rel}","templated":true}]}}