{"id":5271,"date":"2025-01-31T09:13:50","date_gmt":"2025-01-31T09:13:50","guid":{"rendered":"https:\/\/comites.lu\/web\/?p=5271"},"modified":"2025-01-31T09:14:10","modified_gmt":"2025-01-31T09:14:10","slug":"incontro-annuale-con-le-associazioni-e-la-comunita-italiana","status":"publish","type":"post","link":"https:\/\/comites.lu\/web\/news\/incontro-annuale-con-le-associazioni-e-la-comunita-italiana\/","title":{"rendered":"Incontro annuale con le associazioni e la comunita italiana"},"content":{"rendered":"<p>Spett.li Associazioni e Cittadini Italiani,<\/p>\n<p>Il&nbsp;Com.It.Es&nbsp;Lussemburgo \u00e8 lieto di invitarvi ad una serata di incontro di inizio anno, il <strong>25 febbraio alle ore 19,&nbsp;<\/strong><strong>di aggiornamento sulle attivit\u00e0 in corso.<\/strong><\/p>\n<p>L&#8217;incontro si terr\u00e0 per la prima volta presso la sede del Comites Lussemburgo e sar\u00e0 un&#8217;occasione per visitarla e scoprirla insieme.<\/p>\n<p>In allegato, potete trovare l&#8217;invito della serata e l&#8217;indirizzo.<\/p>\n<p>Per ragioni organizzative, Vi preghiamo di <strong>comunicare la vostra presenza entro&nbsp;l&#8217;11 febbraio.<\/strong><\/p>\n<p>Cogliamo l\u2019occasione per rilanciare l\u2019invito all\u2019utilizzo del <strong>calendario condiviso<\/strong> degli eventi della Comunit\u00e0 italiana in Lussemburgo &#8211; gi\u00e0 ideato e lanciato, qualche tempo fa da PassaParola asbl, con il sostegno della Cancelleria consolare &#8211;&nbsp;al fine di&nbsp;centralizzare le informazioni, darne visibilit\u00e0 a tutti e, soprattutto, evitare la&nbsp;sovrapposizione di eventi.&nbsp;<\/p>\n<p>Di seguito trovate il link al file:<\/p>\n<p><a href=\"https:\/\/docs.google.com\/spreadsheets\/d\/1g3ko0lOIl47oFnzYhU-q-UGQYMOG2DMv\/edit?gid=1248469097#gid=1248469097\" target=\"_blank\" rel=\"noopener\">2025 Calendario Comites.xlsx &#8211; Fogli Google<\/a><\/p>\n<p>Basta cliccare, accedere e inserire i propri eventi, con titolo e nome della o delle associazioni promotrici.<\/p>\n<p>Invitiamo tutte le Associazioni impegnate nell\u2019organizzazione di eventi, conferenze,&nbsp;attivit\u00e0 culturali, ludiche e di altro genere,&nbsp;pianificati per il 2025, di segnalarli nel file, che sar\u00e0 consultabile sul sito di PassaParola.<\/p>\n<p>Confidando nella vostra preziosa collaborazione, Vi aspettiamo numerosi all\u2019incontro del 25 febbraio.<\/p>\n<p>Cordiali Saluti,<br \/>\nCom.It.Es&nbsp;Lussemburgo<\/p>\n","protected":false},"excerpt":{"rendered":"<p>Spett.li Associazioni e Cittadini Italiani, Il&nbsp;Com.It.Es&nbsp;Lussemburgo \u00e8 lieto di invitarvi ad una serata di incontro di inizio anno, il 25 febbraio alle ore 19,&nbsp;di aggiornamento sulle attivit\u00e0 in corso. L&#8217;incontro si terr\u00e0 per la prima volta presso la sede del Comites Lussemburgo e sar\u00e0 un&#8217;occasione per visitarla e scoprirla insieme. In allegato, potete trovare l&#8217;invito <a class=\"more-link\" href=\"https:\/\/comites.lu\/web\/news\/incontro-annuale-con-le-associazioni-e-la-comunita-italiana\/\">&#8230;<\/a><\/p>\n","protected":false},"author":2,"featured_media":0,"comment_status":"closed","ping_status":"closed","sticky":false,"template":"","format":"standard","meta":{"ngg_post_thumbnail":0,"footnotes":""},"categories":[131],"tags":[153],"_links":{"self":[{"href":"https:\/\/comites.lu\/web\/wp-json\/wp\/v2\/posts\/5271"}],"collection":[{"href":"https:\/\/comites.lu\/web\/wp-json\/wp\/v2\/posts"}],"about":[{"href":"https:\/\/comites.lu\/web\/wp-json\/wp\/v2\/types\/post"}],"author":[{"embeddable":true,"href":"https:\/\/comites.lu\/web\/wp-json\/wp\/v2\/users\/2"}],"replies":[{"embeddable":true,"href":"https:\/\/comites.lu\/web\/wp-json\/wp\/v2\/comments?post=5271"}],"version-history":[{"count":2,"href":"https:\/\/comites.lu\/web\/wp-json\/wp\/v2\/posts\/5271\/revisions"}],"predecessor-version":[{"id":5273,"href":"https:\/\/comites.lu\/web\/wp-json\/wp\/v2\/posts\/5271\/revisions\/5273"}],"wp:attachment":[{"href":"https:\/\/comites.lu\/web\/wp-json\/wp\/v2\/media?parent=5271"}],"wp:term":[{"taxonomy":"category","embeddable":true,"href":"https:\/\/comites.lu\/web\/wp-json\/wp\/v2\/categories?post=5271"},{"taxonomy":"post_tag","embeddable":true,"href":"https:\/\/comites.lu\/web\/wp-json\/wp\/v2\/tags?post=5271"}],"curies":[{"name":"wp","href":"https:\/\/api.w.org\/{rel}","templated":true}]}}