{"id":5570,"date":"2026-03-06T15:04:13","date_gmt":"2026-03-06T15:04:13","guid":{"rendered":"https:\/\/comites.lu\/web\/?p=5570"},"modified":"2026-03-09T07:38:26","modified_gmt":"2026-03-09T07:38:26","slug":"atelier-di-lettura-in-italiano-per-bambini-e-sabato-14-marzo-2026","status":"publish","type":"post","link":"https:\/\/comites.lu\/web\/news\/atelier-di-lettura-in-italiano-per-bambini-e-sabato-14-marzo-2026\/","title":{"rendered":"Atelier di lettura in italiano per bambini\/e"},"content":{"rendered":"<p>Vi informiamo che il prossimo atelier di lettura per bambini si svolger\u00e0 <strong>sabato 14 marzo<\/strong>.<\/p>\n<p>L\u2019atelier, organizzato in collaborazione con l\u2019associazione \u201cIl \u00e9tait une fois\u2026\u201d sar\u00e0 seguito da un\u2019attivit\u00e0 di bricolage adatta all\u2019et\u00e0 del bimbo\/a.<\/p>\n<p>In occasione della <strong>festa del pap\u00e0<\/strong>, che si festeggia in Italia il 19 marzo, leggeremo insieme <strong>il libro \u201cPap\u00e0, guarda!\u201d di Iva Montanari<\/strong>.<\/p>\n<p>Orsetto ha fretta di alzarsi perch\u00e9 oggi \u00e8 un giorno di festa in citt\u00e0 e vorrebbe uscire subito, ma Pap\u00e0 orso ha del lavoro da fare e deve avere ancora un po\u2019 di pazienza prima di vivere la sua avventura. Poi una volta usciti, Pap\u00e0 orso continua a guardare il suo cellulare\u2026 perdendosi dei festeggiamenti bellissimi! Una metafora sottile e intelligente che ci invita ad alzare lo sguardo dagli schermi e goderci i momenti belli che la vita ci offre.<\/p>\n<p><strong>Orari dei due atelier<\/strong>, suddivisi per fasce di et\u00e0:<\/p>\n<ul>\n<li><strong>15:30-16:15 dai 4 anni in su<\/strong><\/li>\n<li><strong>16:30-17:15 da 3 mesi a 3 anni<\/strong><\/li>\n<\/ul>\n<p>Lo stesso libro sar\u00e0 letto ai pi\u00f9 piccoli in maniera espressiva e giocosa, per avvicinarli alla lettura sin dalla prima infanzia. L\u2019atelier si terr\u00e0 al Centre de formation a Senningen (Niederanven), adiacente la chiesa. In allegato trovate la locandina con l\u2019indirizzo.<\/p>\n<p>Atelier gratuito ma con iscrizione obbligatoria per ragioni organizzative.Indicare nell\u2019 e-mail nome ed et\u00e0 del bimbo\/a e numero di genitori partecipanti <a href=\"mailto:progetti@comites.lu\">progetti@comites.lu<\/a><\/p>\n<p>Comites Lussemburgo e Il \u00e9tait une fois\u2026<\/p>\n<p><img decoding=\"async\" loading=\"lazy\" class=\"alignnone size-full wp-image-5571\" src=\"https:\/\/comites.lu\/web\/wp-content\/uploads\/2026\/03\/atelier-di-lettura-in-italiano-per-bambini-e-sabato-14-marzo-2026.png\" alt=\"\" width=\"1414\" height=\"2000\" srcset=\"https:\/\/comites.lu\/web\/wp-content\/uploads\/2026\/03\/atelier-di-lettura-in-italiano-per-bambini-e-sabato-14-marzo-2026.png 1414w, https:\/\/comites.lu\/web\/wp-content\/uploads\/2026\/03\/atelier-di-lettura-in-italiano-per-bambini-e-sabato-14-marzo-2026-212x300.png 212w, https:\/\/comites.lu\/web\/wp-content\/uploads\/2026\/03\/atelier-di-lettura-in-italiano-per-bambini-e-sabato-14-marzo-2026-724x1024.png 724w, https:\/\/comites.lu\/web\/wp-content\/uploads\/2026\/03\/atelier-di-lettura-in-italiano-per-bambini-e-sabato-14-marzo-2026-768x1086.png 768w, https:\/\/comites.lu\/web\/wp-content\/uploads\/2026\/03\/atelier-di-lettura-in-italiano-per-bambini-e-sabato-14-marzo-2026-1086x1536.png 1086w, https:\/\/comites.lu\/web\/wp-content\/uploads\/2026\/03\/atelier-di-lettura-in-italiano-per-bambini-e-sabato-14-marzo-2026-480x679.png 480w, https:\/\/comites.lu\/web\/wp-content\/uploads\/2026\/03\/atelier-di-lettura-in-italiano-per-bambini-e-sabato-14-marzo-2026-245x347.png 245w, https:\/\/comites.lu\/web\/wp-content\/uploads\/2026\/03\/atelier-di-lettura-in-italiano-per-bambini-e-sabato-14-marzo-2026-810x1146.png 810w\" sizes=\"(max-width: 1414px) 100vw, 1414px\" \/><\/p>\n","protected":false},"excerpt":{"rendered":"<p>Vi informiamo che il prossimo atelier di lettura per bambini si svolger\u00e0 sabato 14 marzo. L\u2019atelier, organizzato in collaborazione con l\u2019associazione \u201cIl \u00e9tait une fois\u2026\u201d sar\u00e0 seguito da un\u2019attivit\u00e0 di bricolage adatta all\u2019et\u00e0 del bimbo\/a. In occasione della festa del pap\u00e0, che si festeggia in Italia il 19 marzo, leggeremo insieme il libro \u201cPap\u00e0, guarda!\u201d <a class=\"more-link\" href=\"https:\/\/comites.lu\/web\/news\/atelier-di-lettura-in-italiano-per-bambini-e-sabato-14-marzo-2026\/\">&#8230;<\/a><\/p>\n","protected":false},"author":2,"featured_media":0,"comment_status":"closed","ping_status":"closed","sticky":false,"template":"","format":"standard","meta":{"ngg_post_thumbnail":0,"footnotes":""},"categories":[131],"tags":[149],"_links":{"self":[{"href":"https:\/\/comites.lu\/web\/wp-json\/wp\/v2\/posts\/5570"}],"collection":[{"href":"https:\/\/comites.lu\/web\/wp-json\/wp\/v2\/posts"}],"about":[{"href":"https:\/\/comites.lu\/web\/wp-json\/wp\/v2\/types\/post"}],"author":[{"embeddable":true,"href":"https:\/\/comites.lu\/web\/wp-json\/wp\/v2\/users\/2"}],"replies":[{"embeddable":true,"href":"https:\/\/comites.lu\/web\/wp-json\/wp\/v2\/comments?post=5570"}],"version-history":[{"count":2,"href":"https:\/\/comites.lu\/web\/wp-json\/wp\/v2\/posts\/5570\/revisions"}],"predecessor-version":[{"id":5573,"href":"https:\/\/comites.lu\/web\/wp-json\/wp\/v2\/posts\/5570\/revisions\/5573"}],"wp:attachment":[{"href":"https:\/\/comites.lu\/web\/wp-json\/wp\/v2\/media?parent=5570"}],"wp:term":[{"taxonomy":"category","embeddable":true,"href":"https:\/\/comites.lu\/web\/wp-json\/wp\/v2\/categories?post=5570"},{"taxonomy":"post_tag","embeddable":true,"href":"https:\/\/comites.lu\/web\/wp-json\/wp\/v2\/tags?post=5570"}],"curies":[{"name":"wp","href":"https:\/\/api.w.org\/{rel}","templated":true}]}}